{"id":1700,"date":"2026-08-31T20:08:45","date_gmt":"2026-08-31T23:08:45","guid":{"rendered":"https:\/\/cucis.org.ar\/web\/?p=1700"},"modified":"2026-08-31T20:08:45","modified_gmt":"2026-08-31T23:08:45","slug":"estudio-contable-segura-picatti","status":"publish","type":"post","link":"https:\/\/cucis.org.ar\/web\/estudio-contable-segura-picatti\/","title":{"rendered":"Estudio Contable Segura &amp; Picatti"},"content":{"rendered":"\n<p>&#x1f91d; \u00a1Nuevo convenio para nuestros matriculados!<\/p>\n\n\n\n<p>El CUCIS celebra un nuevo acuerdo con Segura &amp; Piciatti \u2013 Estudio Contable, que ofrece beneficios exclusivos y condiciones especiales para nuestros matriculados.<\/p>\n\n\n\n<p>Contar\u00e1n con soluciones en contabilidad, impuestos, sueldos y asesoramiento profesional, con atenci\u00f3n personalizada y acompa\u00f1amiento para el crecimiento de su actividad.<\/p>\n\n\n\n<p>&#x1f499; Seguimos generando alianzas para brindar m\u00e1s beneficios a nuestros matriculados.<\/p>\n\n\n\n<figure class=\"wp-block-image size-large\"><a href=\"https:\/\/cucis.org.ar\/web\/wp-content\/uploads\/2026\/08\/estudio-segura.jpg\"><img loading=\"lazy\" decoding=\"async\" width=\"683\" height=\"1024\" src=\"https:\/\/cucis.org.ar\/web\/wp-content\/uploads\/2026\/08\/estudio-segura-683x1024.jpg\" alt=\"\" class=\"wp-image-1702\" srcset=\"https:\/\/cucis.org.ar\/web\/wp-content\/uploads\/2026\/08\/estudio-segura-683x1024.jpg 683w, https:\/\/cucis.org.ar\/web\/wp-content\/uploads\/2026\/08\/estudio-segura-200x300.jpg 200w, https:\/\/cucis.org.ar\/web\/wp-content\/uploads\/2026\/08\/estudio-segura-768x1151.jpg 768w, https:\/\/cucis.org.ar\/web\/wp-content\/uploads\/2026\/08\/estudio-segura.jpg 854w\" sizes=\"auto, (max-width: 683px) 100vw, 683px\" \/><\/a><\/figure>\n","protected":false},"excerpt":{"rendered":"<p>&#x1f91d; \u00a1Nuevo convenio para nuestros matriculados! El CUCIS celebra un nuevo acuerdo con Segura &amp; Piciatti \u2013 Estudio Contable, que ofrece beneficios exclusivos y condiciones especiales para nuestros matriculados. Contar\u00e1n con soluciones en contabilidad, impuestos, sueldos y asesoramiento profesional, con atenci\u00f3n personalizada y acompa\u00f1amiento para el crecimiento de su actividad. &#x1f499; Seguimos generando alianzas para [&hellip;]<\/p>\n","protected":false},"author":3,"featured_media":1701,"comment_status":"closed","ping_status":"","sticky":false,"template":"","format":"standard","meta":{"footnotes":""},"categories":[8,9],"tags":[],"class_list":["post-1700","post","type-post","status-publish","format-standard","has-post-thumbnail","hentry","category-beneficios","category-noticias"],"blocksy_meta":[],"_links":{"self":[{"href":"https:\/\/cucis.org.ar\/web\/wp-json\/wp\/v2\/posts\/1700","targetHints":{"allow":["GET"]}}],"collection":[{"href":"https:\/\/cucis.org.ar\/web\/wp-json\/wp\/v2\/posts"}],"about":[{"href":"https:\/\/cucis.org.ar\/web\/wp-json\/wp\/v2\/types\/post"}],"author":[{"embeddable":true,"href":"https:\/\/cucis.org.ar\/web\/wp-json\/wp\/v2\/users\/3"}],"replies":[{"embeddable":true,"href":"https:\/\/cucis.org.ar\/web\/wp-json\/wp\/v2\/comments?post=1700"}],"version-history":[{"count":1,"href":"https:\/\/cucis.org.ar\/web\/wp-json\/wp\/v2\/posts\/1700\/revisions"}],"predecessor-version":[{"id":1703,"href":"https:\/\/cucis.org.ar\/web\/wp-json\/wp\/v2\/posts\/1700\/revisions\/1703"}],"wp:featuredmedia":[{"embeddable":true,"href":"https:\/\/cucis.org.ar\/web\/wp-json\/wp\/v2\/media\/1701"}],"wp:attachment":[{"href":"https:\/\/cucis.org.ar\/web\/wp-json\/wp\/v2\/media?parent=1700"}],"wp:term":[{"taxonomy":"category","embeddable":true,"href":"https:\/\/cucis.org.ar\/web\/wp-json\/wp\/v2\/categories?post=1700"},{"taxonomy":"post_tag","embeddable":true,"href":"https:\/\/cucis.org.ar\/web\/wp-json\/wp\/v2\/tags?post=1700"}],"curies":[{"name":"wp","href":"https:\/\/api.w.org\/{rel}","templated":true}]}}